{"id":472,"date":"2024-10-28T10:10:25","date_gmt":"2024-10-28T09:10:25","guid":{"rendered":"https:\/\/www.aoh-hohenacker.de\/?p=472"},"modified":"2024-10-28T10:10:26","modified_gmt":"2024-10-28T09:10:26","slug":"ankuendigung-herbstkonzert-in-den-ortsnachrichten-kw44","status":"publish","type":"post","link":"https:\/\/www.aoh-hohenacker.de\/?p=472","title":{"rendered":"Ank\u00fcndigung Herbstkonzert in den Ortsnachrichten KW44"},"content":{"rendered":"<div id=\"pl-472\"  class=\"panel-layout\" ><div id=\"pg-472-0\"  class=\"panel-grid panel-no-style\" ><div id=\"pgc-472-0-0\"  class=\"panel-grid-cell panel-grid-cell-mobile-last\" ><div id=\"panel-472-0-0-0\" class=\"so-panel widget widget_sow-editor panel-first-child panel-last-child\" data-index=\"0\" ><div\n\t\t\t\n\t\t\tclass=\"so-widget-sow-editor so-widget-sow-editor-base\"\n\t\t\t\n\t\t><h3 class=\"widget-title\">Herbstkonzert am 30.11.2024<\/h3>\n<div class=\"siteorigin-widget-tinymce textwidget\">\n\t<p>Das Akkordeon-Orchester Hohenacker e.V. veranstaltet sein Herbstkonzert in diesem Jahr am Samstag 30.11.2024.<\/p>\n<p>Bzgl. des Programmes hatten wir in der letzten Woche den Schleier schon ein bisschen gel\u00fcftet und etwas verraten. Neben den Arrangements von bekann-<br \/>\nten Pop-Hits steht nat\u00fcrlich auch Originalmusik f\u00fcr das Akkordeon auf dem Zettel.<\/p>\n<p>Das Akkordeon-Ensemble mit den j\u00fcngsten Spielern zum Beispiel spielt eine Suite ,,Divertimento\", die aus der Feder des Dirigenten Moritz Sauer zusammen mit Wolfgang Ru\u00df stammt. Die Bezeichnungen der 5 S\u00e4tze (1. Allegro moderato, 2. Tanz, 3. Burleske, 4. Andantino, 5. Vivace) lassen erahnen, was in der Musik enthalten ist, wir sind gespannt auf die Umsetzung. Der Verein freut sich auf jeden Fall, dass alle unsere Dirigenten auch Komponisten \/ Arrangeure sind und damit unsere Auswahl an Musikst\u00fccken bereichern.<\/p>\n<p>Der Verein w\u00fcrde sich sehr freuen, die Einwohner Hohenackers und alle Freunde der Akkordeonmusik an diesem Samstagabend vor dem 1. Advent bei unserem Herbstkonzert begr\u00fc\u00dfen zu d\u00fcrfen.<\/p>\n<p>Der Eintritt ist frei, Bewirtung wird angeboten<\/p>\n<\/div>\n<\/div><\/div><\/div><div id=\"pgc-472-0-1\"  class=\"panel-grid-cell panel-grid-cell-empty\" ><\/div><\/div><\/div>","protected":false},"excerpt":{"rendered":"<p>Das Akkordeon-Orchester Hohenacker e.V. veranstaltet sein Herbstkonzert in diesem Jahr am Samstag 30.11.2024. Bzgl. des Programmes hatten wir in der letzten Woche den Schleier schon ein bisschen gel\u00fcftet und etwas verraten. [&hellip;]<\/p>\n","protected":false},"author":2,"featured_media":0,"comment_status":"closed","ping_status":"open","sticky":false,"template":"","format":"standard","meta":{"footnotes":""},"categories":[4,1],"tags":[7,15,16,14,9],"class_list":["post-472","post","type-post","status-publish","format-standard","hentry","category-konzert","category-uncategorized","tag-akkordeon","tag-aoh","tag-contakte","tag-konzert","tag-unterhaltung"],"_links":{"self":[{"href":"https:\/\/www.aoh-hohenacker.de\/index.php?rest_route=\/wp\/v2\/posts\/472","targetHints":{"allow":["GET"]}}],"collection":[{"href":"https:\/\/www.aoh-hohenacker.de\/index.php?rest_route=\/wp\/v2\/posts"}],"about":[{"href":"https:\/\/www.aoh-hohenacker.de\/index.php?rest_route=\/wp\/v2\/types\/post"}],"author":[{"embeddable":true,"href":"https:\/\/www.aoh-hohenacker.de\/index.php?rest_route=\/wp\/v2\/users\/2"}],"replies":[{"embeddable":true,"href":"https:\/\/www.aoh-hohenacker.de\/index.php?rest_route=%2Fwp%2Fv2%2Fcomments&post=472"}],"version-history":[{"count":2,"href":"https:\/\/www.aoh-hohenacker.de\/index.php?rest_route=\/wp\/v2\/posts\/472\/revisions"}],"predecessor-version":[{"id":474,"href":"https:\/\/www.aoh-hohenacker.de\/index.php?rest_route=\/wp\/v2\/posts\/472\/revisions\/474"}],"wp:attachment":[{"href":"https:\/\/www.aoh-hohenacker.de\/index.php?rest_route=%2Fwp%2Fv2%2Fmedia&parent=472"}],"wp:term":[{"taxonomy":"category","embeddable":true,"href":"https:\/\/www.aoh-hohenacker.de\/index.php?rest_route=%2Fwp%2Fv2%2Fcategories&post=472"},{"taxonomy":"post_tag","embeddable":true,"href":"https:\/\/www.aoh-hohenacker.de\/index.php?rest_route=%2Fwp%2Fv2%2Ftags&post=472"}],"curies":[{"name":"wp","href":"https:\/\/api.w.org\/{rel}","templated":true}]}}