{"id":305,"date":"2023-12-18T07:02:16","date_gmt":"2023-12-18T06:02:16","guid":{"rendered":"https:\/\/www.aoh-hohenacker.de\/?p=305"},"modified":"2023-12-19T08:10:07","modified_gmt":"2023-12-19T07:10:07","slug":"jahresrueckblick-des-aoh-2023","status":"publish","type":"post","link":"https:\/\/www.aoh-hohenacker.de\/?p=305","title":{"rendered":"Jahresr\u00fcckblick des AOH 2023"},"content":{"rendered":"<div id=\"pl-305\"  class=\"panel-layout\" ><div id=\"pg-305-0\"  class=\"panel-grid panel-no-style\" ><div id=\"pgc-305-0-0\"  class=\"panel-grid-cell\" ><div id=\"panel-305-0-0-0\" class=\"so-panel widget widget_sow-editor panel-first-child panel-last-child\" data-index=\"0\" ><div\n\t\t\t\n\t\t\tclass=\"so-widget-sow-editor so-widget-sow-editor-base\"\n\t\t\t\n\t\t>\n<div class=\"siteorigin-widget-tinymce textwidget\">\n\t<p>Das Jahr 2023 neigt sich dem Ende zu. Zeit zur\u00fcckzublicken was das Akkordeon-Orchester-Hohenacker bei diversen Veranstaltungen und Gelegenheiten der Bev\u00f6lkerung von Hohenacker und allen Freunden des Vereins an unterschiedlichen musikalischen Schwerpunkten zeigen konnten:<\/p>\n<p><strong>M\u00e4rz<\/strong><\/p>\n<ul>\n<li>musikalische Umrahmung des Konfirmationsgottesdienstes in Hohenacker durch ein Ensemble<\/li>\n<li>Kirchenkonzert des 1. Orchesters in der Erhartskirche Hohenacker<\/li>\n<\/ul>\n<p><strong>April<\/strong><\/p>\n<ul>\n<li>AOH-Gru\u00dfwort des 1. Vorsitzenden Martin Reinhardt anl\u00e4sslich der Verabschiedung von Pfarrer Frank<\/li>\n<\/ul>\n<p><strong>Mai<\/strong><\/p>\n<ul>\n<li>H\u00f6flesfest in der Bergstra\u00dfe mit Musik und Bewirtung<\/li>\n<li>Musikalische Umrahmung der freien Trauung unseres Mitglieds Nina und ihrem Mann Heiko Winkler durch ein\u00a0\u00a0 extra hierf\u00fcr zusammen gestelltes Ensemble<\/li>\n<\/ul>\n<p><strong>Juli<\/strong><\/p>\n<ul>\n<li>Fr\u00fchschoppen Konzert mit Tobias Escher und G\u00e4sten unter dem Motto \"augspuit\" im H\u00f6fle<\/li>\n<\/ul>\n<p><strong>November<\/strong><\/p>\n<ul>\n<li>Herbstkonzert \"ConTakte\" in der Gemeindehalle Hohenacker mit allen Orchestern<\/li>\n<\/ul>\n<p><strong>Dezember<\/strong><\/p>\n<ul>\n<li>AOH pr\u00e4sentiert sich beim Weihnachtsm\u00e4rktle der Lindenschule. Klein und Gro\u00df konnten hier hautnah das Akkordeon erleben, anfassen und spielen.<\/li>\n<\/ul>\n<p>Wir bedanken uns bei allen Freunden f\u00fcr den gro\u00dfen Zuspruch bei den Veranstaltungen. Dies zeigt uns, dass wir mit unserer Musikwahl die richtige Mischung treffen. All das w\u00e4re nicht m\u00f6glich ohne unsere Dirigenten Hans-G\u00fcnther-K\u00f6lz, J\u00fcrgen K\u00f6lz und Moritz Sauer. Welche die Orchester leiten, Musikalische St\u00fccke komponieren und arrangieren und uns dabei immer wieder neue Anst\u00f6\u00dfe geben. Ihnen gilt unser ganz besonderer Dank.<\/p>\n<p>Nun w\u00fcnschen wir allen Mitgliedern und Freunden<\/p>\n<p><strong>Frohe Weihnachten und alles Gute f\u00fcr 2024!<\/strong><\/p>\n<p>Der Verein freut sich auf ein Wiedersheen im n\u00e4chsten Jahr bei einer unserer Veranstaltungen.<\/p>\n<\/div>\n<\/div><\/div><\/div><div id=\"pgc-305-0-1\"  class=\"panel-grid-cell\" ><div id=\"panel-305-0-1-0\" class=\"so-panel widget widget_media_image panel-first-child\" data-index=\"1\" ><img loading=\"lazy\" decoding=\"async\" width=\"225\" height=\"300\" src=\"https:\/\/www.aoh-hohenacker.de\/wp-content\/uploads\/2023\/12\/20231219_080332-225x300.jpg\" class=\"image wp-image-314  attachment-medium size-medium\" alt=\"\" style=\"max-width: 100%; height: auto;\" srcset=\"https:\/\/www.aoh-hohenacker.de\/wp-content\/uploads\/2023\/12\/20231219_080332-225x300.jpg 225w, https:\/\/www.aoh-hohenacker.de\/wp-content\/uploads\/2023\/12\/20231219_080332-768x1024.jpg 768w, https:\/\/www.aoh-hohenacker.de\/wp-content\/uploads\/2023\/12\/20231219_080332-1152x1536.jpg 1152w, https:\/\/www.aoh-hohenacker.de\/wp-content\/uploads\/2023\/12\/20231219_080332-1536x2048.jpg 1536w, https:\/\/www.aoh-hohenacker.de\/wp-content\/uploads\/2023\/12\/20231219_080332-scaled-e1702969698654.jpg 300w\" sizes=\"auto, (max-width: 225px) 100vw, 225px\" \/><\/div><div id=\"panel-305-0-1-1\" class=\"so-panel widget widget_media_image\" data-index=\"2\" ><img loading=\"lazy\" decoding=\"async\" width=\"225\" height=\"300\" src=\"https:\/\/www.aoh-hohenacker.de\/wp-content\/uploads\/2023\/12\/20231219_080356-225x300.jpg\" class=\"image wp-image-315  attachment-medium size-medium\" alt=\"\" style=\"max-width: 100%; height: auto;\" srcset=\"https:\/\/www.aoh-hohenacker.de\/wp-content\/uploads\/2023\/12\/20231219_080356-225x300.jpg 225w, https:\/\/www.aoh-hohenacker.de\/wp-content\/uploads\/2023\/12\/20231219_080356-768x1024.jpg 768w, https:\/\/www.aoh-hohenacker.de\/wp-content\/uploads\/2023\/12\/20231219_080356-1152x1536.jpg 1152w, https:\/\/www.aoh-hohenacker.de\/wp-content\/uploads\/2023\/12\/20231219_080356-1536x2048.jpg 1536w, https:\/\/www.aoh-hohenacker.de\/wp-content\/uploads\/2023\/12\/20231219_080356-scaled-e1702969748657.jpg 300w\" sizes=\"auto, (max-width: 225px) 100vw, 225px\" \/><\/div><div id=\"panel-305-0-1-2\" class=\"so-panel widget widget_media_image panel-last-child\" data-index=\"3\" ><img loading=\"lazy\" decoding=\"async\" width=\"225\" height=\"300\" src=\"https:\/\/www.aoh-hohenacker.de\/wp-content\/uploads\/2023\/12\/20231219_080513-225x300.jpg\" class=\"image wp-image-316  attachment-medium size-medium\" alt=\"\" style=\"max-width: 100%; height: auto;\" srcset=\"https:\/\/www.aoh-hohenacker.de\/wp-content\/uploads\/2023\/12\/20231219_080513-225x300.jpg 225w, https:\/\/www.aoh-hohenacker.de\/wp-content\/uploads\/2023\/12\/20231219_080513-768x1024.jpg 768w, https:\/\/www.aoh-hohenacker.de\/wp-content\/uploads\/2023\/12\/20231219_080513-1152x1536.jpg 1152w, https:\/\/www.aoh-hohenacker.de\/wp-content\/uploads\/2023\/12\/20231219_080513-1536x2048.jpg 1536w, https:\/\/www.aoh-hohenacker.de\/wp-content\/uploads\/2023\/12\/20231219_080513-scaled-e1702969769576.jpg 300w\" sizes=\"auto, (max-width: 225px) 100vw, 225px\" \/><\/div><\/div><\/div><\/div>","protected":false},"excerpt":{"rendered":"<p>Das Jahr 2023 neigt sich dem Ende zu. Zeit zur\u00fcckzublicken was das Akkordeon-Orchester-Hohenacker bei diversen Veranstaltungen und Gelegenheiten der Bev\u00f6lkerung von Hohenacker und allen Freunden des Vereins an unterschiedlichen musikalischen Schwerpunkten [&hellip;]<\/p>\n","protected":false},"author":2,"featured_media":0,"comment_status":"closed","ping_status":"open","sticky":false,"template":"","format":"standard","meta":{"footnotes":""},"categories":[23],"tags":[7,15,24],"class_list":["post-305","post","type-post","status-publish","format-standard","hentry","category-jahresrueckblick","tag-akkordeon","tag-aoh","tag-jahresrueckblick"],"_links":{"self":[{"href":"https:\/\/www.aoh-hohenacker.de\/index.php?rest_route=\/wp\/v2\/posts\/305","targetHints":{"allow":["GET"]}}],"collection":[{"href":"https:\/\/www.aoh-hohenacker.de\/index.php?rest_route=\/wp\/v2\/posts"}],"about":[{"href":"https:\/\/www.aoh-hohenacker.de\/index.php?rest_route=\/wp\/v2\/types\/post"}],"author":[{"embeddable":true,"href":"https:\/\/www.aoh-hohenacker.de\/index.php?rest_route=\/wp\/v2\/users\/2"}],"replies":[{"embeddable":true,"href":"https:\/\/www.aoh-hohenacker.de\/index.php?rest_route=%2Fwp%2Fv2%2Fcomments&post=305"}],"version-history":[{"count":4,"href":"https:\/\/www.aoh-hohenacker.de\/index.php?rest_route=\/wp\/v2\/posts\/305\/revisions"}],"predecessor-version":[{"id":317,"href":"https:\/\/www.aoh-hohenacker.de\/index.php?rest_route=\/wp\/v2\/posts\/305\/revisions\/317"}],"wp:attachment":[{"href":"https:\/\/www.aoh-hohenacker.de\/index.php?rest_route=%2Fwp%2Fv2%2Fmedia&parent=305"}],"wp:term":[{"taxonomy":"category","embeddable":true,"href":"https:\/\/www.aoh-hohenacker.de\/index.php?rest_route=%2Fwp%2Fv2%2Fcategories&post=305"},{"taxonomy":"post_tag","embeddable":true,"href":"https:\/\/www.aoh-hohenacker.de\/index.php?rest_route=%2Fwp%2Fv2%2Ftags&post=305"}],"curies":[{"name":"wp","href":"https:\/\/api.w.org\/{rel}","templated":true}]}}