{"id":269,"date":"2023-10-04T15:11:56","date_gmt":"2023-10-04T13:11:56","guid":{"rendered":"https:\/\/www.aoh-hohenacker.de\/?p=269"},"modified":"2023-11-23T21:10:32","modified_gmt":"2023-11-23T20:10:32","slug":"aoh-herbstkonzert-contakte","status":"publish","type":"post","link":"https:\/\/www.aoh-hohenacker.de\/?p=269","title":{"rendered":"AOH-Herbstkonzert ConTakte 2023"},"content":{"rendered":"<div id=\"pl-269\"  class=\"panel-layout\" ><div id=\"pg-269-0\"  class=\"panel-grid panel-no-style\" ><div id=\"pgc-269-0-0\"  class=\"panel-grid-cell\" ><div id=\"panel-269-0-0-0\" class=\"so-panel widget widget_sow-editor panel-first-child panel-last-child\" data-index=\"0\" ><div\n\t\t\t\n\t\t\tclass=\"so-widget-sow-editor so-widget-sow-editor-base\"\n\t\t\t\n\t\t>\n<div class=\"siteorigin-widget-tinymce textwidget\">\n\t<p>Am Samstag 18.11.2023, 19.30 Uhr findet unser diesj\u00e4hriges Herbstkonzert statt.<br \/>\nWie bereits im letzten Jahr findet das Konzert in der Gemeindehalle statt und kostet keinen Eintritt.<\/p>\n<p>Wir freuen uns alle Musikbegeisterten, Freunde, Familie und Angeh\u00f6rige begr\u00fc\u00dfen zu d\u00fcrfen.<\/p>\n<p>Es erwartet Euch ein abwechslungsreiches Programm der Orchester des Vereins unter der Leitung von Moritz Sauer, J\u00fcrgen K\u00f6lz und Hans-G\u00fcnther K\u00f6lz.<\/p>\n<p>Auch gute Gespr\u00e4che und Begegnung d\u00fcrfen nicht zu kurz kommen, wof\u00fcr vor dem Konzert und in der Pause bei Snacks und Getr\u00e4nken die M\u00f6glichkeit besteht.<\/p>\n<p><em>Es gibt keine Corona-Einschr\u00e4nkungen. Das Tragen eine Maske ist freiwillig<\/em>.<\/p>\n<p>&nbsp;<\/p>\n<\/div>\n<\/div><\/div><\/div><div id=\"pgc-269-0-1\"  class=\"panel-grid-cell\" ><div id=\"panel-269-0-1-0\" class=\"so-panel widget widget_media_image panel-first-child panel-last-child\" data-index=\"1\" ><img loading=\"lazy\" decoding=\"async\" width=\"205\" height=\"300\" src=\"https:\/\/www.aoh-hohenacker.de\/wp-content\/uploads\/2023\/10\/2023-11-18_Plakat-Contakte-205x300.jpg\" class=\"image wp-image-277  attachment-medium size-medium\" alt=\"\" style=\"max-width: 100%; height: auto;\" srcset=\"https:\/\/www.aoh-hohenacker.de\/wp-content\/uploads\/2023\/10\/2023-11-18_Plakat-Contakte-205x300.jpg 205w, https:\/\/www.aoh-hohenacker.de\/wp-content\/uploads\/2023\/10\/2023-11-18_Plakat-Contakte-699x1024.jpg 699w, https:\/\/www.aoh-hohenacker.de\/wp-content\/uploads\/2023\/10\/2023-11-18_Plakat-Contakte-768x1125.jpg 768w, https:\/\/www.aoh-hohenacker.de\/wp-content\/uploads\/2023\/10\/2023-11-18_Plakat-Contakte-1049x1536.jpg 1049w, https:\/\/www.aoh-hohenacker.de\/wp-content\/uploads\/2023\/10\/2023-11-18_Plakat-Contakte.jpg 1080w\" sizes=\"auto, (max-width: 205px) 100vw, 205px\" \/><\/div><\/div><\/div><div id=\"pg-269-1\"  class=\"panel-grid panel-no-style\" ><div id=\"pgc-269-1-0\"  class=\"panel-grid-cell\" ><div id=\"panel-269-1-0-0\" class=\"so-panel widget widget_text panel-first-child\" data-index=\"2\" >\t\t\t<div class=\"textwidget\"><p>Das 1. Orchester unter der Leitung von Hans-G\u00fcnther K\u00f6lz:<\/p>\n<\/div>\n\t\t<\/div><div id=\"panel-269-1-0-1\" class=\"so-panel widget widget_media_image\" data-index=\"3\" ><img loading=\"lazy\" decoding=\"async\" width=\"2560\" height=\"1440\" src=\"https:\/\/www.aoh-hohenacker.de\/wp-content\/uploads\/2023\/10\/ConTakte-2023-Spieler-1.-Orchester-scaled.jpg\" class=\"image wp-image-278  attachment-full size-full\" alt=\"\" style=\"max-width: 100%; height: auto;\" srcset=\"https:\/\/www.aoh-hohenacker.de\/wp-content\/uploads\/2023\/10\/ConTakte-2023-Spieler-1.-Orchester-scaled.jpg 2560w, https:\/\/www.aoh-hohenacker.de\/wp-content\/uploads\/2023\/10\/ConTakte-2023-Spieler-1.-Orchester-300x169.jpg 300w, https:\/\/www.aoh-hohenacker.de\/wp-content\/uploads\/2023\/10\/ConTakte-2023-Spieler-1.-Orchester-1024x576.jpg 1024w, https:\/\/www.aoh-hohenacker.de\/wp-content\/uploads\/2023\/10\/ConTakte-2023-Spieler-1.-Orchester-768x432.jpg 768w, https:\/\/www.aoh-hohenacker.de\/wp-content\/uploads\/2023\/10\/ConTakte-2023-Spieler-1.-Orchester-1536x864.jpg 1536w, https:\/\/www.aoh-hohenacker.de\/wp-content\/uploads\/2023\/10\/ConTakte-2023-Spieler-1.-Orchester-2048x1152.jpg 2048w\" sizes=\"auto, (max-width: 2560px) 100vw, 2560px\" \/><\/div><div id=\"panel-269-1-0-2\" class=\"so-panel widget widget_sow-editor panel-last-child\" data-index=\"4\" ><div\n\t\t\t\n\t\t\tclass=\"so-widget-sow-editor so-widget-sow-editor-base\"\n\t\t\t\n\t\t><h3 class=\"widget-title\">Nachbericht<\/h3>\n<div class=\"siteorigin-widget-tinymce textwidget\">\n\t<p><strong>Urauff\u00fchrung beim Herbstkonzert des Akkordeon-Orchester Hohenacker e. V.<\/strong><\/p>\n<p>Beim Herbstkonzert des AOH haben die einzelnen Orchester des Vereins den rund 230 G\u00e4sten unter Beweis gestellt, dass sich die intensive Probearbeit f\u00fcr die Fortsetzung der Konzertreihe ConTakte wieder gelohnt hat. Das Publikum bekam in der Gemeindehalle Hohenacker ein vielseitiges Programm geboten.<br \/>\nEr\u00f6ffnet wurde der Abend vom Freizeitorchester, unter der Leitung von J\u00fcrgen K\u00f6lz, mit der Fanfare \u201eGonna Fly Now\u201c, einem Thema aus dem Soundtrack der Rocky-Filmreihe von Bill Conti, welches die denkw\u00fcrdigste Szene der Sportfilme untermalt, in der sich der Boxer Rocky auf den entscheidenden Kampf vorbereitet.<\/p>\n<p>Nach der Begr\u00fc\u00dfung durch Martin Reinhardt, 1. Vorsitzender des Vereins, folgte eine der popul\u00e4rsten Balla-den \u00fcberhaupt - \u201eYou Raise Me Up\u201c, auf Deutsch \u201eDu ermutigst mich\u201c, von Rolf L\u00f8vland und Brendan Graham in einem Arrangement von Bernd Gl\u00fcck. In der Fortsetzung gab es noch die Titel \u201eLove\u2019s Theme\u201c von Barry White, arrangiert von Wolfgang Russ, und \u201eStorie di tutti i giorni\u201c, mit der markanten Trompetenstimme, ein Titel, bei dem das italienische Temperament zu sp\u00fcren ist.<\/p>\n<p>Danach hatte das Akkordeon Ensemble, unter der Leitung von Moritz Sauer, seinen ersten Auftritt. Sie spielten \u201eEverytime\u201c, ein Song aus der Getr\u00e4nkewerbung in einem Gemeinschaftsarrangement unseres Dirigenten Moritz Sauer mit Wolfgang Russ sowie \u201eJoy\u201c von Dieter Falk in einem Arrangement von Wolfgang Kahl.<\/p>\n<p>Das von Jacob de Haan komponierte Werk \u201eFree World Fantasy\u201c, welches den Traum von einer Welt ohne Krieg symbolisiert, brachte das II. Orchester, unter Leitung von J\u00fcrgen K\u00f6lz, zu Geh\u00f6r. Weiterhin pr\u00e4sentierten die Spielerinnen und Spieler die beiden popul\u00e4ren ABBA-Songs \u201eMoney, Money, Money\u201c und \u201eI do, I do, I do\u201c sowie \u201eBella Ciao\u201c, dessen erste dokumentierte Fassung bereits aus dem Jahr 1906 stammt.<\/p>\n<p>Musikalische Leckerbissen aus der Akkordeonwelt pr\u00e4sentierte das I. Orchester, unter der Leitung von Hans-G\u00fcnther K\u00f6lz, im 2. Teil dieses Konzertabends. Ian Watson, der Komponist des ersten St\u00fccks, hat beim Schreiben vieler seiner St\u00fccke Geschichten im Kopf. So auch die Legende von K\u00f6nig Artus, die er in einer viers\u00e4tzigen Suite vertont: Die Ritter der Tafelrunde, die auf ihren Pferden in die Schlacht reiten, die zum Scheitern verurteilte Liebesgeschichte von Guinevere und Lancelot und die vielen siegreichen Schlachten, die K\u00f6nig Artus gewann. Dann kam f\u00fcr das Publikum in Hohenacker die weltweit erste Ver\u00f6ffentlichung von \u201eReturn to V\u00e4rmeland\u201c, eine Komposition aus der Feder des Dirigenten. K\u00f6lz beschrieb, dass die Inspiration zu diesem Klangbild durch verschiedene Einfl\u00fcsse zustande kam: Das Kennenlernen wunderbarer und fein harmonisierter Lieder der schwedischen Folklore durch die Zusammenarbeit mit dem schwedischen Akkordeonisten Lars Holm; so auch das schwedische Volkslied \u201eAck V\u00e4rmeland, du sk\u00f6na\u201c, das er in diese Komposition einflie\u00dfen lie\u00df. Beim n\u00e4chsten Titel, \u201eWatermelon Man\u201c, einer der bekanntesten und beliebtesten Kompositionen des Jazzpianisten Herbie Hancock, bearbeitete Wolfgang Ru\u00df das 16-taktige Bluesschema, welches auf dem Ruf eines Wassermelonenverk\u00e4ufers basiert, den Hancock oft in seiner Kindheit in Chicago geh\u00f6rt hat. Das 1. Orchester verabschiedete sich mit einem Medley von 3 zeitlosen Top-Hits der 80er Jahre \u2013 \u201eBest of Kenny Loggins\u201c, das Hans-G\u00fcnther K\u00f6lz f\u00fcr Akkordeonorchester arrangierte.<\/p>\n<p>Zum Abschluss erwartete das Publikum ein gro\u00dfes Finale. Mit dem Protestsong \u201eImagine\u201c, den John Lennon und Yoko Ono in der Zeit des Vietnamkrieges im M\u00e4rz 1971 schrieben, der auch heute, 52 Jahre nach seiner Entstehung, ein Symbol f\u00fcr Hoffnung und Frieden ist sowie \u201eViva la Vida\u201c von der britischen Pop-Rock-Band Coldplay verabschiedeten sich fast 50 Spielerinnen und Spieler aus allen Orchestern unter der Leitung von J\u00fcrgen K\u00f6lz.<\/p>\n<p>Auch 2024 m\u00f6chte das Akkordeon-Orchester Hohenacker e. V. wieder mit einem abwechslungsreichen Veranstaltungskalender zum kulturellen Leben in der Gemeinde beitragen. Die n\u00e4chsten bereits jetzt feststehenden Veranstaltungen sind das traditionelle H\u00f6flesfest am 9. Mai 2024 (Himmelfahrt) in der Bergstra\u00dfe in Hohenacker sowie am 30. November 2024 das n\u00e4chste Herbstkonzert.<\/p>\n<p>Informationen zu unseren Kursen f\u00fcr Melodica und Akkordeon (Einzel oder Gruppe) erhalten Sie unter (0 71 51) 8 12 36 oder unter musikkoelz@t-online.de.<br \/>\nLast but not least danken wir den zahlreichen Besucherinnen und Besuchern unserer Veranstaltung. Sie waren tolle G\u00e4ste!<br \/>\nDen Spielerinnen und Spielern des AOH hat es wieder sehr viel Freude und Spa\u00df gemacht, vor gro\u00dfem Publikum zu musizieren und mit viel Beifall eine Best\u00e4tigung f\u00fcr die Vorbereitung zu erhalten.<\/p>\n<\/div>\n<\/div><\/div><\/div><\/div><\/div>","protected":false},"excerpt":{"rendered":"<p>Am Samstag 18.11.2023, 19.30 Uhr findet unser diesj\u00e4hriges Herbstkonzert statt. Wie bereits im letzten Jahr findet das Konzert in der Gemeindehalle statt und kostet keinen Eintritt. Wir freuen uns alle Musikbegeisterten, [&hellip;]<\/p>\n","protected":false},"author":2,"featured_media":0,"comment_status":"closed","ping_status":"open","sticky":false,"template":"","format":"standard","meta":{"footnotes":""},"categories":[4],"tags":[15,16,14,9],"class_list":["post-269","post","type-post","status-publish","format-standard","hentry","category-konzert","tag-aoh","tag-contakte","tag-konzert","tag-unterhaltung"],"_links":{"self":[{"href":"https:\/\/www.aoh-hohenacker.de\/index.php?rest_route=\/wp\/v2\/posts\/269","targetHints":{"allow":["GET"]}}],"collection":[{"href":"https:\/\/www.aoh-hohenacker.de\/index.php?rest_route=\/wp\/v2\/posts"}],"about":[{"href":"https:\/\/www.aoh-hohenacker.de\/index.php?rest_route=\/wp\/v2\/types\/post"}],"author":[{"embeddable":true,"href":"https:\/\/www.aoh-hohenacker.de\/index.php?rest_route=\/wp\/v2\/users\/2"}],"replies":[{"embeddable":true,"href":"https:\/\/www.aoh-hohenacker.de\/index.php?rest_route=%2Fwp%2Fv2%2Fcomments&post=269"}],"version-history":[{"count":9,"href":"https:\/\/www.aoh-hohenacker.de\/index.php?rest_route=\/wp\/v2\/posts\/269\/revisions"}],"predecessor-version":[{"id":298,"href":"https:\/\/www.aoh-hohenacker.de\/index.php?rest_route=\/wp\/v2\/posts\/269\/revisions\/298"}],"wp:attachment":[{"href":"https:\/\/www.aoh-hohenacker.de\/index.php?rest_route=%2Fwp%2Fv2%2Fmedia&parent=269"}],"wp:term":[{"taxonomy":"category","embeddable":true,"href":"https:\/\/www.aoh-hohenacker.de\/index.php?rest_route=%2Fwp%2Fv2%2Fcategories&post=269"},{"taxonomy":"post_tag","embeddable":true,"href":"https:\/\/www.aoh-hohenacker.de\/index.php?rest_route=%2Fwp%2Fv2%2Ftags&post=269"}],"curies":[{"name":"wp","href":"https:\/\/api.w.org\/{rel}","templated":true}]}}