{"id":243,"date":"2023-06-11T11:31:35","date_gmt":"2023-06-11T09:31:35","guid":{"rendered":"https:\/\/www.aoh-hohenacker.de\/?p=243"},"modified":"2023-07-01T09:14:55","modified_gmt":"2023-07-01T07:14:55","slug":"tobias-escher-gaeste-aufgspuit","status":"publish","type":"post","link":"https:\/\/www.aoh-hohenacker.de\/?p=243","title":{"rendered":"Tobias Escher &#038; G\u00e4ste &#8222;AUFGSPUIT&#8220;"},"content":{"rendered":"<div id=\"pl-243\"  class=\"panel-layout\" ><div id=\"pg-243-0\"  class=\"panel-grid panel-no-style\" ><div id=\"pgc-243-0-0\"  class=\"panel-grid-cell\" ><div id=\"panel-243-0-0-0\" class=\"so-panel widget widget_sow-editor panel-first-child panel-last-child\" data-index=\"0\" ><div\n\t\t\t\n\t\t\tclass=\"so-widget-sow-editor so-widget-sow-editor-base\"\n\t\t\t\n\t\t>\n<div class=\"siteorigin-widget-tinymce textwidget\">\n\t<p style=\"font-weight: 400;\">Am Sonntag, den 9. Juli 2023, treten <strong>Tobias Escher &amp; G\u00e4ste<\/strong> beim Akkordeon-Orchester Hohenacker auf.<br \/>\nDie Veranstaltung <strong>beginnt um 11 Uhr<\/strong> und findet open air im <strong>Innenhof der Musikschule K\u00f6lz in der Bergstra\u00dfe 21<\/strong> in Waiblingen-Hohenacker statt.<\/p>\n<p style=\"font-weight: 400;\">Tobias Escher ist ein langj\u00e4hriges Vereinsmitglied und musizierte in fr\u00fchen Jahren selbst beim Akkordeon-Orchester Hohenacker e. V. Der Hegnacher Musiker, S\u00e4nger und Theatermusiker pr\u00e4sentiert sein Programm \u201cAufgspuit\u201d. Zu h\u00f6ren gibt es Neues Wiener Lied, Wiener Soul, Balkangrooves und Alpenrock oder anders ausgedr\u00fcckt: Volxt\u00fcmliches (Anmerkung: Darstellung gem\u00e4\u00df Internet-Auftritt des Musikers) Liedgut vermischt sich mit swingendem, virtuosem Akkordeonspiel; Wiener Schm\u00e4h und Melancholie trifft auf Alpenrock. Escher (Akkordeon &amp; Gesang) hat f\u00fcr diesen besonderen Auftritt ein hochkar\u00e4tig besetztes Quartett zusammengestellt: mit Gitarre und Gesang begleitet ihn sein langj\u00e4hriger musikalischer Weggef\u00e4hrte Peter Stephan, an der Posaune wird Jazzvirtuose Tilman Schaal aus Stuttgart dabei sein, und komplettieren wird die Band der Komponist und Hochschuldozent Kurt Holzk\u00e4mper am Kontrabass.<\/p>\n<p style=\"font-weight: 400;\">Das AOH bietet dazu eine kleine <strong>Bewirtung<\/strong> mit Fleischk\u00e4sbr\u00f6tchen, Butterbrezeln und eine Auswahl an Getr\u00e4nken.<\/p>\n<p style=\"font-weight: 400;\">Der <strong>Eintritt ist frei<\/strong>, um <strong>Spenden<\/strong> wird gebeten, die zu 100% an die K\u00fcnstler gehen. Der Verein freut sich, Sie bei diesem musikalischen Sommermorgen begr\u00fc\u00dfen zu d\u00fcrfen.<\/p>\n<p style=\"font-weight: 400;\">Es ist nicht zwingend, aber Sie erleichtern uns die finale Organisation einer f\u00fcr den Verein noch neuen Veranstaltung, wenn Sie uns eine kurze Nachricht an\u00a0<a href=\"mailto:aoh-hohenacker@web.de\">aoh-hohenacker@web.de<\/a> zukommen lassen w\u00fcrden, wenn Sie beabsichtigen zu kommen. Spontane G\u00e4ste sind nat\u00fcrlich ebenfalls herzlich willkommen.<\/p>\n<p style=\"font-weight: 400;\"><strong>Sollte das Konzert aufgrund des Wetters abgesagt werden m\u00fcssen, finden Sie sp\u00e4testens am Nachmittag des Samstags 08.07. eine Notiz hier auf der Vereins-Homepage (<a href=\"https:\/\/deref-gmx.net\/mail\/client\/EXyuhkPRre8\/dereferrer\/?redirectUrl=http%3A%2F%2Fwww.aoh-hohenacker.de%2F\">www.aoh-hohenacker.de<\/a>).<\/strong><\/p>\n<\/div>\n<\/div><\/div><\/div><div id=\"pgc-243-0-1\"  class=\"panel-grid-cell\" ><div id=\"panel-243-0-1-0\" class=\"so-panel widget widget_media_image panel-first-child panel-last-child\" data-index=\"1\" ><a href=\"https:\/\/www.aoh-hohenacker.de\/wp-content\/uploads\/2022\/11\/IMG-20221116-WA0002.jpg\"><img loading=\"lazy\" decoding=\"async\" width=\"248\" height=\"300\" src=\"https:\/\/www.aoh-hohenacker.de\/wp-content\/uploads\/2023\/06\/Tobias-Escher-2023-248x300.jpg\" class=\"image wp-image-249  attachment-medium size-medium\" alt=\"\" style=\"max-width: 100%; height: auto;\" srcset=\"https:\/\/www.aoh-hohenacker.de\/wp-content\/uploads\/2023\/06\/Tobias-Escher-2023-248x300.jpg 248w, https:\/\/www.aoh-hohenacker.de\/wp-content\/uploads\/2023\/06\/Tobias-Escher-2023-847x1024.jpg 847w, https:\/\/www.aoh-hohenacker.de\/wp-content\/uploads\/2023\/06\/Tobias-Escher-2023-768x928.jpg 768w, https:\/\/www.aoh-hohenacker.de\/wp-content\/uploads\/2023\/06\/Tobias-Escher-2023-1271x1536.jpg 1271w, https:\/\/www.aoh-hohenacker.de\/wp-content\/uploads\/2023\/06\/Tobias-Escher-2023-1695x2048.jpg 1695w, https:\/\/www.aoh-hohenacker.de\/wp-content\/uploads\/2023\/06\/Tobias-Escher-2023.jpg 1743w\" sizes=\"auto, (max-width: 248px) 100vw, 248px\" \/><\/a><\/div><\/div><\/div><\/div>","protected":false},"excerpt":{"rendered":"<p>Am Sonntag, den 9. Juli 2023, treten Tobias Escher &amp; G\u00e4ste beim Akkordeon-Orchester Hohenacker auf. Die Veranstaltung beginnt um 11 Uhr und findet open air im Innenhof der Musikschule K\u00f6lz in [&hellip;]<\/p>\n","protected":false},"author":2,"featured_media":0,"comment_status":"closed","ping_status":"open","sticky":false,"template":"","format":"standard","meta":{"footnotes":""},"categories":[4],"tags":[15,14,13,9],"class_list":["post-243","post","type-post","status-publish","format-standard","hentry","category-konzert","tag-aoh","tag-konzert","tag-tobias-escher","tag-unterhaltung"],"_links":{"self":[{"href":"https:\/\/www.aoh-hohenacker.de\/index.php?rest_route=\/wp\/v2\/posts\/243","targetHints":{"allow":["GET"]}}],"collection":[{"href":"https:\/\/www.aoh-hohenacker.de\/index.php?rest_route=\/wp\/v2\/posts"}],"about":[{"href":"https:\/\/www.aoh-hohenacker.de\/index.php?rest_route=\/wp\/v2\/types\/post"}],"author":[{"embeddable":true,"href":"https:\/\/www.aoh-hohenacker.de\/index.php?rest_route=\/wp\/v2\/users\/2"}],"replies":[{"embeddable":true,"href":"https:\/\/www.aoh-hohenacker.de\/index.php?rest_route=%2Fwp%2Fv2%2Fcomments&post=243"}],"version-history":[{"count":19,"href":"https:\/\/www.aoh-hohenacker.de\/index.php?rest_route=\/wp\/v2\/posts\/243\/revisions"}],"predecessor-version":[{"id":267,"href":"https:\/\/www.aoh-hohenacker.de\/index.php?rest_route=\/wp\/v2\/posts\/243\/revisions\/267"}],"wp:attachment":[{"href":"https:\/\/www.aoh-hohenacker.de\/index.php?rest_route=%2Fwp%2Fv2%2Fmedia&parent=243"}],"wp:term":[{"taxonomy":"category","embeddable":true,"href":"https:\/\/www.aoh-hohenacker.de\/index.php?rest_route=%2Fwp%2Fv2%2Fcategories&post=243"},{"taxonomy":"post_tag","embeddable":true,"href":"https:\/\/www.aoh-hohenacker.de\/index.php?rest_route=%2Fwp%2Fv2%2Ftags&post=243"}],"curies":[{"name":"wp","href":"https:\/\/api.w.org\/{rel}","templated":true}]}}