{"id":187,"date":"2022-11-16T09:08:42","date_gmt":"2022-11-16T08:08:42","guid":{"rendered":"https:\/\/www.aoh-hohenacker.de\/?p=187"},"modified":"2022-11-16T09:08:42","modified_gmt":"2022-11-16T08:08:42","slug":"contakte","status":"publish","type":"post","link":"https:\/\/www.aoh-hohenacker.de\/?p=187","title":{"rendered":"Contakte!"},"content":{"rendered":"<div id=\"pl-187\"  class=\"panel-layout\" ><div id=\"pg-187-0\"  class=\"panel-grid panel-no-style\" ><div id=\"pgc-187-0-0\"  class=\"panel-grid-cell\" ><div id=\"panel-187-0-0-0\" class=\"so-panel widget widget_sow-editor panel-first-child panel-last-child\" data-index=\"0\" ><div\n\t\t\t\n\t\t\tclass=\"so-widget-sow-editor so-widget-sow-editor-base\"\n\t\t\t\n\t\t>\n<div class=\"siteorigin-widget-tinymce textwidget\">\n\t<p>Am Samstag 19.11.2022, 19.30 Uhr findet unser diesj\u00e4hriges Herbstkonzert statt.<br \/>\nWie bereits im letzten Jahr findet das Konzert in der Gemeindehalle statt und kostet keinen Eintritt.<\/p>\n<p>Wir freuen uns alle Musikbegeisterten, Freunde, Familie und Angeh\u00f6rige begr\u00fc\u00dfen zu d\u00fcrfen.<\/p>\n<p>Es erwartet Euch ein abwechslungsreiches Programm der Orchester des Vereins unter der Leitung von Moritz Sauer, J\u00fcrgen K\u00f6lz und Hans-G\u00fcnther K\u00f6lz.<\/p>\n<p>Auch gute Gespr\u00e4che und Begegnung d\u00fcrfen nicht zu kurz kommen, wof\u00fcr Vor dem Konzert und zur Pause bei Snacks und Getr\u00e4nken die M\u00f6glichkeit besteht.<\/p>\n<p><em>Aktuell gibt es keine Corona-Einschr\u00e4nkungen. Das Tragen eine Maske ist freiwillig<\/em>.<\/p>\n<p>&nbsp;<\/p>\n<\/div>\n<\/div><\/div><\/div><div id=\"pgc-187-0-1\"  class=\"panel-grid-cell\" ><div id=\"panel-187-0-1-0\" class=\"so-panel widget widget_media_image panel-first-child panel-last-child\" data-index=\"1\" ><a href=\"https:\/\/www.aoh-hohenacker.de\/wp-content\/uploads\/2022\/11\/IMG-20221116-WA0002.jpg\"><img loading=\"lazy\" decoding=\"async\" width=\"218\" height=\"300\" src=\"https:\/\/www.aoh-hohenacker.de\/wp-content\/uploads\/2022\/11\/IMG-20221116-WA0002-218x300.jpg\" class=\"image wp-image-188  attachment-medium size-medium\" alt=\"\" style=\"max-width: 100%; height: auto;\" srcset=\"https:\/\/www.aoh-hohenacker.de\/wp-content\/uploads\/2022\/11\/IMG-20221116-WA0002-218x300.jpg 218w, https:\/\/www.aoh-hohenacker.de\/wp-content\/uploads\/2022\/11\/IMG-20221116-WA0002-743x1024.jpg 743w, https:\/\/www.aoh-hohenacker.de\/wp-content\/uploads\/2022\/11\/IMG-20221116-WA0002.jpg 750w\" sizes=\"auto, (max-width: 218px) 100vw, 218px\" \/><\/a><\/div><\/div><\/div><\/div>","protected":false},"excerpt":{"rendered":"<p>Am Samstag 19.11.2022, 19.30 Uhr findet unser diesj\u00e4hriges Herbstkonzert statt. Wie bereits im letzten Jahr findet das Konzert in der Gemeindehalle statt und kostet keinen Eintritt. Wir freuen uns alle Musikbegeisterten, [&hellip;]<\/p>\n","protected":false},"author":1,"featured_media":0,"comment_status":"open","ping_status":"open","sticky":false,"template":"","format":"standard","meta":{"footnotes":""},"categories":[1],"tags":[],"class_list":["post-187","post","type-post","status-publish","format-standard","hentry","category-uncategorized"],"_links":{"self":[{"href":"https:\/\/www.aoh-hohenacker.de\/index.php?rest_route=\/wp\/v2\/posts\/187","targetHints":{"allow":["GET"]}}],"collection":[{"href":"https:\/\/www.aoh-hohenacker.de\/index.php?rest_route=\/wp\/v2\/posts"}],"about":[{"href":"https:\/\/www.aoh-hohenacker.de\/index.php?rest_route=\/wp\/v2\/types\/post"}],"author":[{"embeddable":true,"href":"https:\/\/www.aoh-hohenacker.de\/index.php?rest_route=\/wp\/v2\/users\/1"}],"replies":[{"embeddable":true,"href":"https:\/\/www.aoh-hohenacker.de\/index.php?rest_route=%2Fwp%2Fv2%2Fcomments&post=187"}],"version-history":[{"count":8,"href":"https:\/\/www.aoh-hohenacker.de\/index.php?rest_route=\/wp\/v2\/posts\/187\/revisions"}],"predecessor-version":[{"id":196,"href":"https:\/\/www.aoh-hohenacker.de\/index.php?rest_route=\/wp\/v2\/posts\/187\/revisions\/196"}],"wp:attachment":[{"href":"https:\/\/www.aoh-hohenacker.de\/index.php?rest_route=%2Fwp%2Fv2%2Fmedia&parent=187"}],"wp:term":[{"taxonomy":"category","embeddable":true,"href":"https:\/\/www.aoh-hohenacker.de\/index.php?rest_route=%2Fwp%2Fv2%2Fcategories&post=187"},{"taxonomy":"post_tag","embeddable":true,"href":"https:\/\/www.aoh-hohenacker.de\/index.php?rest_route=%2Fwp%2Fv2%2Ftags&post=187"}],"curies":[{"name":"wp","href":"https:\/\/api.w.org\/{rel}","templated":true}]}}